{"id":12196,"date":"2022-05-20T12:31:54","date_gmt":"2022-05-20T12:31:54","guid":{"rendered":"https:\/\/islandapadvanced.ulpgc.es\/?p=12196"},"modified":"2022-05-23T10:00:12","modified_gmt":"2022-05-23T10:00:12","slug":"islandap-advanced-participa-en-la-feria-internacional-del-mar-fimar","status":"publish","type":"post","link":"https:\/\/islandapadvanced.ulpgc.es\/pt\/islandap-advanced-participa-en-la-feria-internacional-del-mar-fimar\/","title":{"rendered":"ISLANDAP ADVANCED participa na Feira Internacional do Mar (FIMAR)"},"content":{"rendered":"<p>O projeto ISLANDAP ADVANCED participa na feira FIMAR em Las Palmas de Gran Canaria com um stand de demonstra\u00e7\u00e3o com alguns dos tipos de subprodutos locais (caf\u00e9, baga\u00e7o de uva, t\u00e2maras, etc.) acordados pelos parceiros da Madeira, Cabo Verde e Canarias, que est\u00e3o sendo valorizadas, quantificadas e reincorporadas ao ciclo de vida. Entre muitos outros usos, t\u00eam sido realizados diversos tipos de testes para sua reincorpora\u00e7\u00e3o na alimenta\u00e7\u00e3o dos animais aqu\u00e1ticos dos sistemas aquap\u00f4nicos do projeto.<\/p>\n<p>Convidamos voc\u00ea a passar pela feira e visitar nosso estande, estaremos de 20 a 22 de maio no cais de cruzeiros em Santa Catalina.<\/p>\n<p>Agradecemos que preencha o seguinte <a href=\"https:\/\/docs.google.com\/forms\/d\/e\/1FAIpQLSe_kZQfkHCzRwibNp_rO_TrNSJNNWWCPngB4npZefGoZa4trg\/viewform?vc=0&amp;c=0&amp;w=1&amp;flr=0\" target=\"_blank\" rel=\"noopener\">FORMUL\u00c1RIO.<\/a><\/p>\n<p><img loading=\"lazy\" decoding=\"async\" class=\" wp-image-12198 alignleft\" src=\"https:\/\/islandapadvanced.ulpgc.es\/wp-content\/uploads\/2022\/05\/20220520_110108-135x300.jpg\" alt=\"\" width=\"228\" height=\"507\" srcset=\"https:\/\/islandapadvanced.ulpgc.es\/wp-content\/uploads\/2022\/05\/20220520_110108-135x300.jpg 135w, https:\/\/islandapadvanced.ulpgc.es\/wp-content\/uploads\/2022\/05\/20220520_110108-768x1704.jpg 768w, https:\/\/islandapadvanced.ulpgc.es\/wp-content\/uploads\/2022\/05\/20220520_110108-692x1536.jpg 692w, https:\/\/islandapadvanced.ulpgc.es\/wp-content\/uploads\/2022\/05\/20220520_110108-923x2048.jpg 923w, https:\/\/islandapadvanced.ulpgc.es\/wp-content\/uploads\/2022\/05\/20220520_110108-scaled.jpg 1154w\" sizes=\"(max-width: 228px) 100vw, 228px\" \/><img loading=\"lazy\" decoding=\"async\" class=\" wp-image-12199 alignleft\" src=\"https:\/\/islandapadvanced.ulpgc.es\/wp-content\/uploads\/2022\/05\/20220520_110123-300x135.jpg\" alt=\"\" width=\"502\" height=\"226\" \/><img loading=\"lazy\" decoding=\"async\" class=\" wp-image-12200 alignleft\" src=\"https:\/\/islandapadvanced.ulpgc.es\/wp-content\/uploads\/2022\/05\/IMG-20220520-WA0012-135x300.jpg\" alt=\"\" width=\"226\" height=\"502\" srcset=\"https:\/\/islandapadvanced.ulpgc.es\/wp-content\/uploads\/2022\/05\/IMG-20220520-WA0012-135x300.jpg 135w, https:\/\/islandapadvanced.ulpgc.es\/wp-content\/uploads\/2022\/05\/IMG-20220520-WA0012-461x1024.jpg 461w, https:\/\/islandapadvanced.ulpgc.es\/wp-content\/uploads\/2022\/05\/IMG-20220520-WA0012-692x1536.jpg 692w, https:\/\/islandapadvanced.ulpgc.es\/wp-content\/uploads\/2022\/05\/IMG-20220520-WA0012.jpg 721w\" sizes=\"(max-width: 226px) 100vw, 226px\" \/><\/p>","protected":false},"excerpt":{"rendered":"<p>O projeto ISLANDAP ADVANCED participa na feira FIMAR em Las Palmas de Gran Canaria com um stand de demonstra\u00e7\u00e3o com [&hellip;]<\/p>\n","protected":false},"author":9,"featured_media":12202,"comment_status":"closed","ping_status":"closed","sticky":false,"template":"","format":"standard","meta":{"_bbp_topic_count":0,"_bbp_reply_count":0,"_bbp_total_topic_count":0,"_bbp_total_reply_count":0,"_bbp_voice_count":0,"_bbp_anonymous_reply_count":0,"_bbp_topic_count_hidden":0,"_bbp_reply_count_hidden":0,"_bbp_forum_subforum_count":0,"footnotes":""},"categories":[4],"tags":[],"acf":[],"yoast_head":"<!-- This site is optimized with the Yoast SEO plugin v21.9.1 - https:\/\/yoast.com\/wordpress\/plugins\/seo\/ -->\n<title>ISLANDAP ADVANCED participa na Feira Internacional do Mar (FIMAR) - Islandap Advanced<\/title>\n<meta name=\"robots\" content=\"index, follow, max-snippet:-1, max-image-preview:large, max-video-preview:-1\" \/>\n<link rel=\"canonical\" href=\"https:\/\/islandapadvanced.ulpgc.es\/pt\/islandap-advanced-participa-en-la-feria-internacional-del-mar-fimar\/\" \/>\n<meta property=\"og:locale\" content=\"pt_PT\" \/>\n<meta property=\"og:type\" content=\"article\" \/>\n<meta property=\"og:title\" content=\"ISLANDAP ADVANCED participa na Feira Internacional do Mar (FIMAR) - Islandap Advanced\" \/>\n<meta property=\"og:description\" content=\"O projeto ISLANDAP ADVANCED participa na feira FIMAR em Las Palmas de Gran Canaria com um stand de demonstra\u00e7\u00e3o com [&hellip;]\" \/>\n<meta property=\"og:url\" content=\"https:\/\/islandapadvanced.ulpgc.es\/islandap-advanced-participa-en-la-feria-internacional-del-mar-fimar\/\" \/>\n<meta property=\"og:site_name\" content=\"Islandap Advanced\" \/>\n<meta property=\"article:published_time\" content=\"2022-05-20T12:31:54+00:00\" \/>\n<meta property=\"article:modified_time\" content=\"2022-05-23T10:00:12+00:00\" \/>\n<meta property=\"og:image\" content=\"https:\/\/islandapadvanced.ulpgc.es\/wp-content\/uploads\/2022\/05\/20220520_103526-scaled-e1653049625578.jpg\" \/>\n\t<meta property=\"og:image:width\" content=\"1683\" \/>\n\t<meta property=\"og:image:height\" content=\"1152\" \/>\n\t<meta property=\"og:image:type\" content=\"image\/jpeg\" \/>\n<meta name=\"author\" content=\"Priscila Vel\u00e1zquez\" \/>\n<meta name=\"twitter:card\" content=\"summary_large_image\" \/>\n<meta name=\"twitter:label1\" content=\"Escrito por\" \/>\n\t<meta name=\"twitter:data1\" content=\"Priscila Vel\u00e1zquez\" \/>\n\t<meta name=\"twitter:label2\" content=\"Tempo estimado de leitura\" \/>\n\t<meta name=\"twitter:data2\" content=\"2 minutos\" \/>\n<script type=\"application\/ld+json\" class=\"yoast-schema-graph\">{\"@context\":\"https:\/\/schema.org\",\"@graph\":[{\"@type\":\"Article\",\"@id\":\"https:\/\/islandapadvanced.ulpgc.es\/islandap-advanced-participa-en-la-feria-internacional-del-mar-fimar\/#article\",\"isPartOf\":{\"@id\":\"https:\/\/islandapadvanced.ulpgc.es\/islandap-advanced-participa-en-la-feria-internacional-del-mar-fimar\/\"},\"author\":{\"name\":\"Priscila Vel\u00e1zquez\",\"@id\":\"https:\/\/islandapadvanced.ulpgc.es\/#\/schema\/person\/e4d63f31ed24e61c311e4f5ae8f527ea\"},\"headline\":\"ISLANDAP ADVANCED participa na Feira Internacional do Mar (FIMAR)\",\"datePublished\":\"2022-05-20T12:31:54+00:00\",\"dateModified\":\"2022-05-23T10:00:12+00:00\",\"mainEntityOfPage\":{\"@id\":\"https:\/\/islandapadvanced.ulpgc.es\/islandap-advanced-participa-en-la-feria-internacional-del-mar-fimar\/\"},\"wordCount\":385,\"publisher\":{\"@id\":\"https:\/\/islandapadvanced.ulpgc.es\/#organization\"},\"articleSection\":[\"Noticias\"],\"inLanguage\":\"pt-PT\"},{\"@type\":\"WebPage\",\"@id\":\"https:\/\/islandapadvanced.ulpgc.es\/islandap-advanced-participa-en-la-feria-internacional-del-mar-fimar\/\",\"url\":\"https:\/\/islandapadvanced.ulpgc.es\/islandap-advanced-participa-en-la-feria-internacional-del-mar-fimar\/\",\"name\":\"ISLANDAP ADVANCED participa na Feira Internacional do Mar (FIMAR) - Islandap Advanced\",\"isPartOf\":{\"@id\":\"https:\/\/islandapadvanced.ulpgc.es\/#website\"},\"datePublished\":\"2022-05-20T12:31:54+00:00\",\"dateModified\":\"2022-05-23T10:00:12+00:00\",\"breadcrumb\":{\"@id\":\"https:\/\/islandapadvanced.ulpgc.es\/islandap-advanced-participa-en-la-feria-internacional-del-mar-fimar\/#breadcrumb\"},\"inLanguage\":\"pt-PT\",\"potentialAction\":[{\"@type\":\"ReadAction\",\"target\":[\"https:\/\/islandapadvanced.ulpgc.es\/islandap-advanced-participa-en-la-feria-internacional-del-mar-fimar\/\"]}]},{\"@type\":\"BreadcrumbList\",\"@id\":\"https:\/\/islandapadvanced.ulpgc.es\/islandap-advanced-participa-en-la-feria-internacional-del-mar-fimar\/#breadcrumb\",\"itemListElement\":[{\"@type\":\"ListItem\",\"position\":1,\"name\":\"Portada\",\"item\":\"https:\/\/islandapadvanced.ulpgc.es\/\"},{\"@type\":\"ListItem\",\"position\":2,\"name\":\"ISLANDAP ADVANCED participa en la Feria Internacional del Mar (FIMAR)\"}]},{\"@type\":\"WebSite\",\"@id\":\"https:\/\/islandapadvanced.ulpgc.es\/#website\",\"url\":\"https:\/\/islandapadvanced.ulpgc.es\/\",\"name\":\"Islandap Advanced\",\"description\":\"R+D+i Towards Aquaponic Development in the Up Islands and the Circular Economy\",\"publisher\":{\"@id\":\"https:\/\/islandapadvanced.ulpgc.es\/#organization\"},\"potentialAction\":[{\"@type\":\"SearchAction\",\"target\":{\"@type\":\"EntryPoint\",\"urlTemplate\":\"https:\/\/islandapadvanced.ulpgc.es\/?s={search_term_string}\"},\"query-input\":\"required name=search_term_string\"}],\"inLanguage\":\"pt-PT\"},{\"@type\":\"Organization\",\"@id\":\"https:\/\/islandapadvanced.ulpgc.es\/#organization\",\"name\":\"Proyecto Islandap Advanced de la Universidad de Las Palmas de Gran Canaria\",\"url\":\"https:\/\/islandapadvanced.ulpgc.es\/\",\"logo\":{\"@type\":\"ImageObject\",\"inLanguage\":\"pt-PT\",\"@id\":\"https:\/\/islandapadvanced.ulpgc.es\/#\/schema\/logo\/image\/\",\"url\":\"https:\/\/islandapadvanced.ulpgc.es\/wp-content\/uploads\/2021\/07\/logo_islandap_advanced.svg\",\"contentUrl\":\"https:\/\/islandapadvanced.ulpgc.es\/wp-content\/uploads\/2021\/07\/logo_islandap_advanced.svg\",\"width\":1,\"height\":1,\"caption\":\"Proyecto Islandap Advanced de la Universidad de Las Palmas de Gran Canaria\"},\"image\":{\"@id\":\"https:\/\/islandapadvanced.ulpgc.es\/#\/schema\/logo\/image\/\"}},{\"@type\":\"Person\",\"@id\":\"https:\/\/islandapadvanced.ulpgc.es\/#\/schema\/person\/e4d63f31ed24e61c311e4f5ae8f527ea\",\"name\":\"Priscila Vel\u00e1zquez\"}]}<\/script>\n<!-- \/ Yoast SEO plugin. -->","yoast_head_json":{"title":"ISLANDAP ADVANCED participa na Feira Internacional do Mar (FIMAR) - Islandap Advanced","robots":{"index":"index","follow":"follow","max-snippet":"max-snippet:-1","max-image-preview":"max-image-preview:large","max-video-preview":"max-video-preview:-1"},"canonical":"https:\/\/islandapadvanced.ulpgc.es\/pt\/islandap-advanced-participa-en-la-feria-internacional-del-mar-fimar\/","og_locale":"pt_PT","og_type":"article","og_title":"ISLANDAP ADVANCED participa na Feira Internacional do Mar (FIMAR) - Islandap Advanced","og_description":"O projeto ISLANDAP ADVANCED participa na feira FIMAR em Las Palmas de Gran Canaria com um stand de demonstra\u00e7\u00e3o com [&hellip;]","og_url":"https:\/\/islandapadvanced.ulpgc.es\/islandap-advanced-participa-en-la-feria-internacional-del-mar-fimar\/","og_site_name":"Islandap Advanced","article_published_time":"2022-05-20T12:31:54+00:00","article_modified_time":"2022-05-23T10:00:12+00:00","og_image":[{"width":1683,"height":1152,"url":"https:\/\/islandapadvanced.ulpgc.es\/wp-content\/uploads\/2022\/05\/20220520_103526-scaled-e1653049625578.jpg","type":"image\/jpeg"}],"author":"Priscila Vel\u00e1zquez","twitter_card":"summary_large_image","twitter_misc":{"Escrito por":"Priscila Vel\u00e1zquez","Tempo estimado de leitura":"2 minutos"},"schema":{"@context":"https:\/\/schema.org","@graph":[{"@type":"Article","@id":"https:\/\/islandapadvanced.ulpgc.es\/islandap-advanced-participa-en-la-feria-internacional-del-mar-fimar\/#article","isPartOf":{"@id":"https:\/\/islandapadvanced.ulpgc.es\/islandap-advanced-participa-en-la-feria-internacional-del-mar-fimar\/"},"author":{"name":"Priscila Vel\u00e1zquez","@id":"https:\/\/islandapadvanced.ulpgc.es\/#\/schema\/person\/e4d63f31ed24e61c311e4f5ae8f527ea"},"headline":"ISLANDAP ADVANCED participa na Feira Internacional do Mar (FIMAR)","datePublished":"2022-05-20T12:31:54+00:00","dateModified":"2022-05-23T10:00:12+00:00","mainEntityOfPage":{"@id":"https:\/\/islandapadvanced.ulpgc.es\/islandap-advanced-participa-en-la-feria-internacional-del-mar-fimar\/"},"wordCount":385,"publisher":{"@id":"https:\/\/islandapadvanced.ulpgc.es\/#organization"},"articleSection":["Noticias"],"inLanguage":"pt-PT"},{"@type":"WebPage","@id":"https:\/\/islandapadvanced.ulpgc.es\/islandap-advanced-participa-en-la-feria-internacional-del-mar-fimar\/","url":"https:\/\/islandapadvanced.ulpgc.es\/islandap-advanced-participa-en-la-feria-internacional-del-mar-fimar\/","name":"ISLANDAP ADVANCED participa na Feira Internacional do Mar (FIMAR) - Islandap Advanced","isPartOf":{"@id":"https:\/\/islandapadvanced.ulpgc.es\/#website"},"datePublished":"2022-05-20T12:31:54+00:00","dateModified":"2022-05-23T10:00:12+00:00","breadcrumb":{"@id":"https:\/\/islandapadvanced.ulpgc.es\/islandap-advanced-participa-en-la-feria-internacional-del-mar-fimar\/#breadcrumb"},"inLanguage":"pt-PT","potentialAction":[{"@type":"ReadAction","target":["https:\/\/islandapadvanced.ulpgc.es\/islandap-advanced-participa-en-la-feria-internacional-del-mar-fimar\/"]}]},{"@type":"BreadcrumbList","@id":"https:\/\/islandapadvanced.ulpgc.es\/islandap-advanced-participa-en-la-feria-internacional-del-mar-fimar\/#breadcrumb","itemListElement":[{"@type":"ListItem","position":1,"name":"Portada","item":"https:\/\/islandapadvanced.ulpgc.es\/"},{"@type":"ListItem","position":2,"name":"ISLANDAP ADVANCED participa en la Feria Internacional del Mar (FIMAR)"}]},{"@type":"WebSite","@id":"https:\/\/islandapadvanced.ulpgc.es\/#website","url":"https:\/\/islandapadvanced.ulpgc.es\/","name":"Islandap Advanced","description":"R+D+i Towards Aquaponic Development in the Up Islands and the Circular Economy","publisher":{"@id":"https:\/\/islandapadvanced.ulpgc.es\/#organization"},"potentialAction":[{"@type":"SearchAction","target":{"@type":"EntryPoint","urlTemplate":"https:\/\/islandapadvanced.ulpgc.es\/?s={search_term_string}"},"query-input":"required name=search_term_string"}],"inLanguage":"pt-PT"},{"@type":"Organization","@id":"https:\/\/islandapadvanced.ulpgc.es\/#organization","name":"Proyecto Islandap Advanced de la Universidad de Las Palmas de Gran Canaria","url":"https:\/\/islandapadvanced.ulpgc.es\/","logo":{"@type":"ImageObject","inLanguage":"pt-PT","@id":"https:\/\/islandapadvanced.ulpgc.es\/#\/schema\/logo\/image\/","url":"https:\/\/islandapadvanced.ulpgc.es\/wp-content\/uploads\/2021\/07\/logo_islandap_advanced.svg","contentUrl":"https:\/\/islandapadvanced.ulpgc.es\/wp-content\/uploads\/2021\/07\/logo_islandap_advanced.svg","width":1,"height":1,"caption":"Proyecto Islandap Advanced de la Universidad de Las Palmas de Gran Canaria"},"image":{"@id":"https:\/\/islandapadvanced.ulpgc.es\/#\/schema\/logo\/image\/"}},{"@type":"Person","@id":"https:\/\/islandapadvanced.ulpgc.es\/#\/schema\/person\/e4d63f31ed24e61c311e4f5ae8f527ea","name":"Priscila Vel\u00e1zquez"}]}},"_links":{"self":[{"href":"https:\/\/islandapadvanced.ulpgc.es\/pt\/wp-json\/wp\/v2\/posts\/12196"}],"collection":[{"href":"https:\/\/islandapadvanced.ulpgc.es\/pt\/wp-json\/wp\/v2\/posts"}],"about":[{"href":"https:\/\/islandapadvanced.ulpgc.es\/pt\/wp-json\/wp\/v2\/types\/post"}],"author":[{"embeddable":true,"href":"https:\/\/islandapadvanced.ulpgc.es\/pt\/wp-json\/wp\/v2\/users\/9"}],"replies":[{"embeddable":true,"href":"https:\/\/islandapadvanced.ulpgc.es\/pt\/wp-json\/wp\/v2\/comments?post=12196"}],"version-history":[{"count":5,"href":"https:\/\/islandapadvanced.ulpgc.es\/pt\/wp-json\/wp\/v2\/posts\/12196\/revisions"}],"predecessor-version":[{"id":12213,"href":"https:\/\/islandapadvanced.ulpgc.es\/pt\/wp-json\/wp\/v2\/posts\/12196\/revisions\/12213"}],"wp:featuredmedia":[{"embeddable":true,"href":"https:\/\/islandapadvanced.ulpgc.es\/pt\/wp-json\/wp\/v2\/media\/12202"}],"wp:attachment":[{"href":"https:\/\/islandapadvanced.ulpgc.es\/pt\/wp-json\/wp\/v2\/media?parent=12196"}],"wp:term":[{"taxonomy":"category","embeddable":true,"href":"https:\/\/islandapadvanced.ulpgc.es\/pt\/wp-json\/wp\/v2\/categories?post=12196"},{"taxonomy":"post_tag","embeddable":true,"href":"https:\/\/islandapadvanced.ulpgc.es\/pt\/wp-json\/wp\/v2\/tags?post=12196"}],"curies":[{"name":"wp","href":"https:\/\/api.w.org\/{rel}","templated":true}]}}