{"id":11520,"date":"2018-07-11T08:13:29","date_gmt":"2018-07-11T08:13:29","guid":{"rendered":"https:\/\/islandapadvanced.ulpgc.es\/?p=11520"},"modified":"2022-05-09T07:31:35","modified_gmt":"2022-05-09T07:31:35","slug":"campus-de-la-ciencia-y-tecnologia","status":"publish","type":"post","link":"https:\/\/islandapadvanced.ulpgc.es\/pt\/campus-de-la-ciencia-y-tecnologia\/","title":{"rendered":"Campus de la Ciencia y Tecnolog\u00eda"},"content":{"rendered":"<p>Durante las dos primeras semanas del mes de julio tuvo lugar el Campus de la Ciencia y Tecnolog\u00eda dirigido por la Universidad de Las Palmas de Gran Canaria y la Universidad de La Laguna. En nuestro proyecto han participado alumnos de tercero y cuarto de la ESO de forma voluntaria, han dejado a un lado la playa para seguir aprendiendo y descubriendo, abordando as\u00ed temas como los sistemas acuap\u00f3nicos, y la acuapon\u00eda como soluci\u00f3n a problemas actuales.<\/p>\n<p>Nuestros j\u00f3venes cient\u00edficos, han realizado un montaje de sistema acuap\u00f3nico adem\u00e1s de conocer c\u00f3mo funcionaba una de las bases del proyecto, es decir la composici\u00f3n de un pienso con elementos naturales para su posterior alimentaci\u00f3n a los peces, en el laboratorio de acuicultura del Parque Cient\u00edfico Tecnol\u00f3gico Marino de Taliarte. Adem\u00e1s han realizado diversas actividades que ten\u00edan que ver con el medio ambiente, el mundo marino y la ciencia. Finalmente, todo lo que han ido aprendiendo a lo largo de las dos semanas de duraci\u00f3n del Campus lo han plasmado en un proyecto y p\u00e1gina web que han presentado el \u00faltimo d\u00eda, con la finalidad de llevar lo aprendido al resto de institutos de la isla y as\u00ed plasmarlo en diferentes asignaturas como la qu\u00edmica, la ciencia, la tecnolog\u00eda incluso la m\u00fasica.<\/p>\n<p>Agradecemos enormemente la acogida que ha tenido el Campus as\u00ed como el inter\u00e9s y el entusiasmo que han mostrado los alumnos en nuestro proyecto durante toda la investigaci\u00f3n. Desde aqu\u00ed animamos a pr\u00f3ximos alumnos a participar en nuestros talleres y proyectos, ya que la educaci\u00f3n, formaci\u00f3n y el aprendizaje de nuevos m\u00e9todos sostenibles har\u00e1 que tengamos un futuro mejor.<\/p>\n<p style=\"text-align: center;\"><iframe loading=\"lazy\" width=\"800\" height=\"600\" style=\"border: none; overflow: hidden;\" src=\"https:\/\/www.facebook.com\/plugins\/video.php?href=https%3A%2F%2Fwww.facebook.com%2F100057725197470%2Fvideos%2F1995145287463716%2F&amp;show_text=0&amp; frameborder=\"0\" scrolling=\"no\" allowfullscreen=\"allowfullscreen\"><span style=\"display: inline-block; width: 0px; overflow: hidden; line-height: 0;\" data-mce-type=\"bookmark\" class=\"mce_SELRES_start\">\ufeff<\/span><\/iframe><\/p>\n","protected":false},"excerpt":{"rendered":"<p>Durante las dos primeras semanas del mes de julio tuvo lugar el Campus de la Ciencia y Tecnolog\u00eda dirigido por [&hellip;]<\/p>\n","protected":false},"author":2,"featured_media":0,"comment_status":"closed","ping_status":"closed","sticky":false,"template":"","format":"standard","meta":{"_bbp_topic_count":0,"_bbp_reply_count":0,"_bbp_total_topic_count":0,"_bbp_total_reply_count":0,"_bbp_voice_count":0,"_bbp_anonymous_reply_count":0,"_bbp_topic_count_hidden":0,"_bbp_reply_count_hidden":0,"_bbp_forum_subforum_count":0,"footnotes":""},"categories":[126],"tags":[],"acf":[],"yoast_head":"<!-- This site is optimized with the Yoast SEO plugin v21.9.1 - https:\/\/yoast.com\/wordpress\/plugins\/seo\/ -->\n<title>Campus de la Ciencia y Tecnolog\u00eda - Islandap Advanced<\/title>\n<meta name=\"robots\" content=\"index, follow, max-snippet:-1, max-image-preview:large, max-video-preview:-1\" \/>\n<link rel=\"canonical\" href=\"https:\/\/islandapadvanced.ulpgc.es\/pt\/campus-de-la-ciencia-y-tecnologia\/\" \/>\n<meta property=\"og:locale\" content=\"pt_PT\" \/>\n<meta property=\"og:type\" content=\"article\" \/>\n<meta property=\"og:title\" content=\"Campus de la Ciencia y Tecnolog\u00eda - Islandap Advanced\" \/>\n<meta property=\"og:description\" content=\"Durante las dos primeras semanas del mes de julio tuvo lugar el Campus de la Ciencia y Tecnolog\u00eda dirigido por [&hellip;]\" \/>\n<meta property=\"og:url\" content=\"https:\/\/islandapadvanced.ulpgc.es\/campus-de-la-ciencia-y-tecnologia\/\" \/>\n<meta property=\"og:site_name\" content=\"Islandap Advanced\" \/>\n<meta property=\"article:published_time\" content=\"2018-07-11T08:13:29+00:00\" \/>\n<meta property=\"article:modified_time\" content=\"2022-05-09T07:31:35+00:00\" \/>\n<meta name=\"author\" content=\"celr_admin\" \/>\n<meta name=\"twitter:card\" content=\"summary_large_image\" \/>\n<meta name=\"twitter:label1\" content=\"Escrito por\" \/>\n\t<meta name=\"twitter:data1\" content=\"celr_admin\" \/>\n\t<meta name=\"twitter:label2\" content=\"Tempo estimado de leitura\" \/>\n\t<meta name=\"twitter:data2\" content=\"1 minuto\" \/>\n<script type=\"application\/ld+json\" class=\"yoast-schema-graph\">{\"@context\":\"https:\/\/schema.org\",\"@graph\":[{\"@type\":\"Article\",\"@id\":\"https:\/\/islandapadvanced.ulpgc.es\/campus-de-la-ciencia-y-tecnologia\/#article\",\"isPartOf\":{\"@id\":\"https:\/\/islandapadvanced.ulpgc.es\/campus-de-la-ciencia-y-tecnologia\/\"},\"author\":{\"name\":\"celr_admin\",\"@id\":\"https:\/\/islandapadvanced.ulpgc.es\/#\/schema\/person\/709c5f1587749af0b0e26a915eb3ad65\"},\"headline\":\"Campus de la Ciencia y Tecnolog\u00eda\",\"datePublished\":\"2018-07-11T08:13:29+00:00\",\"dateModified\":\"2022-05-09T07:31:35+00:00\",\"mainEntityOfPage\":{\"@id\":\"https:\/\/islandapadvanced.ulpgc.es\/campus-de-la-ciencia-y-tecnologia\/\"},\"wordCount\":302,\"publisher\":{\"@id\":\"https:\/\/islandapadvanced.ulpgc.es\/#organization\"},\"articleSection\":[\"Islandap Advanced Junior\"],\"inLanguage\":\"pt-PT\"},{\"@type\":\"WebPage\",\"@id\":\"https:\/\/islandapadvanced.ulpgc.es\/campus-de-la-ciencia-y-tecnologia\/\",\"url\":\"https:\/\/islandapadvanced.ulpgc.es\/campus-de-la-ciencia-y-tecnologia\/\",\"name\":\"Campus de la Ciencia y Tecnolog\u00eda - Islandap Advanced\",\"isPartOf\":{\"@id\":\"https:\/\/islandapadvanced.ulpgc.es\/#website\"},\"datePublished\":\"2018-07-11T08:13:29+00:00\",\"dateModified\":\"2022-05-09T07:31:35+00:00\",\"breadcrumb\":{\"@id\":\"https:\/\/islandapadvanced.ulpgc.es\/campus-de-la-ciencia-y-tecnologia\/#breadcrumb\"},\"inLanguage\":\"pt-PT\",\"potentialAction\":[{\"@type\":\"ReadAction\",\"target\":[\"https:\/\/islandapadvanced.ulpgc.es\/campus-de-la-ciencia-y-tecnologia\/\"]}]},{\"@type\":\"BreadcrumbList\",\"@id\":\"https:\/\/islandapadvanced.ulpgc.es\/campus-de-la-ciencia-y-tecnologia\/#breadcrumb\",\"itemListElement\":[{\"@type\":\"ListItem\",\"position\":1,\"name\":\"Portada\",\"item\":\"https:\/\/islandapadvanced.ulpgc.es\/\"},{\"@type\":\"ListItem\",\"position\":2,\"name\":\"Campus de la Ciencia y Tecnolog\u00eda\"}]},{\"@type\":\"WebSite\",\"@id\":\"https:\/\/islandapadvanced.ulpgc.es\/#website\",\"url\":\"https:\/\/islandapadvanced.ulpgc.es\/\",\"name\":\"Islandap Advanced\",\"description\":\"R+D+i Towards Aquaponic Development in the Up Islands and the Circular Economy\",\"publisher\":{\"@id\":\"https:\/\/islandapadvanced.ulpgc.es\/#organization\"},\"potentialAction\":[{\"@type\":\"SearchAction\",\"target\":{\"@type\":\"EntryPoint\",\"urlTemplate\":\"https:\/\/islandapadvanced.ulpgc.es\/?s={search_term_string}\"},\"query-input\":\"required name=search_term_string\"}],\"inLanguage\":\"pt-PT\"},{\"@type\":\"Organization\",\"@id\":\"https:\/\/islandapadvanced.ulpgc.es\/#organization\",\"name\":\"Proyecto Islandap Advanced de la Universidad de Las Palmas de Gran Canaria\",\"url\":\"https:\/\/islandapadvanced.ulpgc.es\/\",\"logo\":{\"@type\":\"ImageObject\",\"inLanguage\":\"pt-PT\",\"@id\":\"https:\/\/islandapadvanced.ulpgc.es\/#\/schema\/logo\/image\/\",\"url\":\"https:\/\/islandapadvanced.ulpgc.es\/wp-content\/uploads\/2021\/07\/logo_islandap_advanced.svg\",\"contentUrl\":\"https:\/\/islandapadvanced.ulpgc.es\/wp-content\/uploads\/2021\/07\/logo_islandap_advanced.svg\",\"width\":1,\"height\":1,\"caption\":\"Proyecto Islandap Advanced de la Universidad de Las Palmas de Gran Canaria\"},\"image\":{\"@id\":\"https:\/\/islandapadvanced.ulpgc.es\/#\/schema\/logo\/image\/\"}},{\"@type\":\"Person\",\"@id\":\"https:\/\/islandapadvanced.ulpgc.es\/#\/schema\/person\/709c5f1587749af0b0e26a915eb3ad65\",\"name\":\"celr_admin\",\"sameAs\":[\"https:\/\/islandapadvanced.ulpgc.es\"]}]}<\/script>\n<!-- \/ Yoast SEO plugin. -->","yoast_head_json":{"title":"Campus de la Ciencia y Tecnolog\u00eda - Islandap Advanced","robots":{"index":"index","follow":"follow","max-snippet":"max-snippet:-1","max-image-preview":"max-image-preview:large","max-video-preview":"max-video-preview:-1"},"canonical":"https:\/\/islandapadvanced.ulpgc.es\/pt\/campus-de-la-ciencia-y-tecnologia\/","og_locale":"pt_PT","og_type":"article","og_title":"Campus de la Ciencia y Tecnolog\u00eda - Islandap Advanced","og_description":"Durante las dos primeras semanas del mes de julio tuvo lugar el Campus de la Ciencia y Tecnolog\u00eda dirigido por [&hellip;]","og_url":"https:\/\/islandapadvanced.ulpgc.es\/campus-de-la-ciencia-y-tecnologia\/","og_site_name":"Islandap Advanced","article_published_time":"2018-07-11T08:13:29+00:00","article_modified_time":"2022-05-09T07:31:35+00:00","author":"celr_admin","twitter_card":"summary_large_image","twitter_misc":{"Escrito por":"celr_admin","Tempo estimado de leitura":"1 minuto"},"schema":{"@context":"https:\/\/schema.org","@graph":[{"@type":"Article","@id":"https:\/\/islandapadvanced.ulpgc.es\/campus-de-la-ciencia-y-tecnologia\/#article","isPartOf":{"@id":"https:\/\/islandapadvanced.ulpgc.es\/campus-de-la-ciencia-y-tecnologia\/"},"author":{"name":"celr_admin","@id":"https:\/\/islandapadvanced.ulpgc.es\/#\/schema\/person\/709c5f1587749af0b0e26a915eb3ad65"},"headline":"Campus de la Ciencia y Tecnolog\u00eda","datePublished":"2018-07-11T08:13:29+00:00","dateModified":"2022-05-09T07:31:35+00:00","mainEntityOfPage":{"@id":"https:\/\/islandapadvanced.ulpgc.es\/campus-de-la-ciencia-y-tecnologia\/"},"wordCount":302,"publisher":{"@id":"https:\/\/islandapadvanced.ulpgc.es\/#organization"},"articleSection":["Islandap Advanced Junior"],"inLanguage":"pt-PT"},{"@type":"WebPage","@id":"https:\/\/islandapadvanced.ulpgc.es\/campus-de-la-ciencia-y-tecnologia\/","url":"https:\/\/islandapadvanced.ulpgc.es\/campus-de-la-ciencia-y-tecnologia\/","name":"Campus de la Ciencia y Tecnolog\u00eda - Islandap Advanced","isPartOf":{"@id":"https:\/\/islandapadvanced.ulpgc.es\/#website"},"datePublished":"2018-07-11T08:13:29+00:00","dateModified":"2022-05-09T07:31:35+00:00","breadcrumb":{"@id":"https:\/\/islandapadvanced.ulpgc.es\/campus-de-la-ciencia-y-tecnologia\/#breadcrumb"},"inLanguage":"pt-PT","potentialAction":[{"@type":"ReadAction","target":["https:\/\/islandapadvanced.ulpgc.es\/campus-de-la-ciencia-y-tecnologia\/"]}]},{"@type":"BreadcrumbList","@id":"https:\/\/islandapadvanced.ulpgc.es\/campus-de-la-ciencia-y-tecnologia\/#breadcrumb","itemListElement":[{"@type":"ListItem","position":1,"name":"Portada","item":"https:\/\/islandapadvanced.ulpgc.es\/"},{"@type":"ListItem","position":2,"name":"Campus de la Ciencia y Tecnolog\u00eda"}]},{"@type":"WebSite","@id":"https:\/\/islandapadvanced.ulpgc.es\/#website","url":"https:\/\/islandapadvanced.ulpgc.es\/","name":"Islandap Advanced","description":"R+D+i Towards Aquaponic Development in the Up Islands and the Circular Economy","publisher":{"@id":"https:\/\/islandapadvanced.ulpgc.es\/#organization"},"potentialAction":[{"@type":"SearchAction","target":{"@type":"EntryPoint","urlTemplate":"https:\/\/islandapadvanced.ulpgc.es\/?s={search_term_string}"},"query-input":"required name=search_term_string"}],"inLanguage":"pt-PT"},{"@type":"Organization","@id":"https:\/\/islandapadvanced.ulpgc.es\/#organization","name":"Proyecto Islandap Advanced de la Universidad de Las Palmas de Gran Canaria","url":"https:\/\/islandapadvanced.ulpgc.es\/","logo":{"@type":"ImageObject","inLanguage":"pt-PT","@id":"https:\/\/islandapadvanced.ulpgc.es\/#\/schema\/logo\/image\/","url":"https:\/\/islandapadvanced.ulpgc.es\/wp-content\/uploads\/2021\/07\/logo_islandap_advanced.svg","contentUrl":"https:\/\/islandapadvanced.ulpgc.es\/wp-content\/uploads\/2021\/07\/logo_islandap_advanced.svg","width":1,"height":1,"caption":"Proyecto Islandap Advanced de la Universidad de Las Palmas de Gran Canaria"},"image":{"@id":"https:\/\/islandapadvanced.ulpgc.es\/#\/schema\/logo\/image\/"}},{"@type":"Person","@id":"https:\/\/islandapadvanced.ulpgc.es\/#\/schema\/person\/709c5f1587749af0b0e26a915eb3ad65","name":"celr_admin","sameAs":["https:\/\/islandapadvanced.ulpgc.es"]}]}},"_links":{"self":[{"href":"https:\/\/islandapadvanced.ulpgc.es\/pt\/wp-json\/wp\/v2\/posts\/11520"}],"collection":[{"href":"https:\/\/islandapadvanced.ulpgc.es\/pt\/wp-json\/wp\/v2\/posts"}],"about":[{"href":"https:\/\/islandapadvanced.ulpgc.es\/pt\/wp-json\/wp\/v2\/types\/post"}],"author":[{"embeddable":true,"href":"https:\/\/islandapadvanced.ulpgc.es\/pt\/wp-json\/wp\/v2\/users\/2"}],"replies":[{"embeddable":true,"href":"https:\/\/islandapadvanced.ulpgc.es\/pt\/wp-json\/wp\/v2\/comments?post=11520"}],"version-history":[{"count":5,"href":"https:\/\/islandapadvanced.ulpgc.es\/pt\/wp-json\/wp\/v2\/posts\/11520\/revisions"}],"predecessor-version":[{"id":11537,"href":"https:\/\/islandapadvanced.ulpgc.es\/pt\/wp-json\/wp\/v2\/posts\/11520\/revisions\/11537"}],"wp:attachment":[{"href":"https:\/\/islandapadvanced.ulpgc.es\/pt\/wp-json\/wp\/v2\/media?parent=11520"}],"wp:term":[{"taxonomy":"category","embeddable":true,"href":"https:\/\/islandapadvanced.ulpgc.es\/pt\/wp-json\/wp\/v2\/categories?post=11520"},{"taxonomy":"post_tag","embeddable":true,"href":"https:\/\/islandapadvanced.ulpgc.es\/pt\/wp-json\/wp\/v2\/tags?post=11520"}],"curies":[{"name":"wp","href":"https:\/\/api.w.org\/{rel}","templated":true}]}}